{"id":7712,"date":"2025-02-11T19:48:02","date_gmt":"2025-02-11T18:48:02","guid":{"rendered":"https:\/\/www.montestigliano.com\/?p=7712"},"modified":"2025-02-11T20:04:56","modified_gmt":"2025-02-11T19:04:56","slug":"shop","status":"publish","type":"post","link":"https:\/\/www.montestigliano.com\/it\/shop\/","title":{"rendered":"I nostri prodotti"},"content":{"rendered":"<p>[vc_row][vc_column][vc_column_text]<\/p>\n<h1>Il sapore di Montestigliano<\/h1>\n<p>[\/vc_column_text][vc_empty_space][vc_column_text]Per generazioni,<br \/>\nMontestigliano \u00e8 stato un luogo di incontro, tradizioni,<br \/>\ne di condivisione della gioia per il buon cibo e vino.<\/p>\n<p>I nostri <strong>uliveti<\/strong> e le nostre <strong>vigne<\/strong> sono parte di questa eredit\u00e0. Cresciamo entrambe le colture con la stessa passione che mettiamo nell&#8217;ospitalit\u00e0, producendo Olio extravergine di oliva toscano e vino in piccoli lotti per coloro che hanno piacere di portare un pezzo di Toscana nelle proprie case.[\/vc_column_text][vc_empty_space height=&#8221;48px&#8221;][vc_row_inner][vc_column_inner width=&#8221;1\/3&#8243;]<div class=\"eltdf-image-with-text-holder   \">\r\n    <div class=\"eltdf-iwt-image\">\r\n                                    <img loading=\"lazy\" decoding=\"async\" width=\"1200\" height=\"1800\" src=\"https:\/\/www.montestigliano.com\/wp-content\/uploads\/2025\/02\/Montestigliano-Siena-Toscana-Olio-Extravergine-di-oliva-2024-l.jpg\" class=\"attachment-full size-full\" alt=\"Bottiglia di Olio Extravergine di Oliva prodotto da Fattoria Montestigliano\" srcset=\"https:\/\/www.montestigliano.com\/wp-content\/uploads\/2025\/02\/Montestigliano-Siena-Toscana-Olio-Extravergine-di-oliva-2024-l.jpg 1200w, https:\/\/www.montestigliano.com\/wp-content\/uploads\/2025\/02\/Montestigliano-Siena-Toscana-Olio-Extravergine-di-oliva-2024-l-200x300.jpg 200w, https:\/\/www.montestigliano.com\/wp-content\/uploads\/2025\/02\/Montestigliano-Siena-Toscana-Olio-Extravergine-di-oliva-2024-l-683x1024.jpg 683w, https:\/\/www.montestigliano.com\/wp-content\/uploads\/2025\/02\/Montestigliano-Siena-Toscana-Olio-Extravergine-di-oliva-2024-l-768x1152.jpg 768w, https:\/\/www.montestigliano.com\/wp-content\/uploads\/2025\/02\/Montestigliano-Siena-Toscana-Olio-Extravergine-di-oliva-2024-l-1024x1536.jpg 1024w\" sizes=\"auto, (max-width: 1200px) 100vw, 1200px\" \/>                        <\/div>\r\n    <div class=\"eltdf-iwt-text-holder\">\r\n                    <h4 class=\"eltdf-iwt-title\" >Olio extravergine di oliva raccolto 2024 \/ 0.75 l<\/h4>\r\n        \t\t            <p class=\"eltdf-iwt-text\" >Montestigliano coltiva tre variet\u00e0 di oliva, ognuna di queste \u00e8 scelta per le sue specifiche qualit\u00e0. Peculiarit\u00e0 che vengono unite in un olio ricco, profumato e ben equilibrato.<\/p>\r\n            <\/div>\r\n<\/div>[\/vc_column_inner][vc_column_inner width=&#8221;1\/3&#8243;]<div class=\"eltdf-image-with-text-holder   \">\r\n    <div class=\"eltdf-iwt-image\">\r\n                                    <img loading=\"lazy\" decoding=\"async\" width=\"1200\" height=\"1800\" src=\"https:\/\/www.montestigliano.com\/wp-content\/uploads\/2025\/02\/MONTESTIGLIANO-SIENA_VINO-ROSSO.jpg\" class=\"attachment-full size-full\" alt=\"Bottiglia di Vino Rosso IGT Toscana &quot;Vaccareccia&quot; prodotto da Fattoria Montestigliano\" srcset=\"https:\/\/www.montestigliano.com\/wp-content\/uploads\/2025\/02\/MONTESTIGLIANO-SIENA_VINO-ROSSO.jpg 1200w, https:\/\/www.montestigliano.com\/wp-content\/uploads\/2025\/02\/MONTESTIGLIANO-SIENA_VINO-ROSSO-200x300.jpg 200w, https:\/\/www.montestigliano.com\/wp-content\/uploads\/2025\/02\/MONTESTIGLIANO-SIENA_VINO-ROSSO-683x1024.jpg 683w, https:\/\/www.montestigliano.com\/wp-content\/uploads\/2025\/02\/MONTESTIGLIANO-SIENA_VINO-ROSSO-768x1152.jpg 768w, https:\/\/www.montestigliano.com\/wp-content\/uploads\/2025\/02\/MONTESTIGLIANO-SIENA_VINO-ROSSO-1024x1536.jpg 1024w\" sizes=\"auto, (max-width: 1200px) 100vw, 1200px\" \/>                        <\/div>\r\n    <div class=\"eltdf-iwt-text-holder\">\r\n                    <h4 class=\"eltdf-iwt-title\" >Vaccareccia IGT Toscana Rosso 2021<\/h4>\r\n        \t\t            <p class=\"eltdf-iwt-text\" >Ottenuto da uve Sangiovese e Ciliegiolo. Ideale da servire con pasta e carni rosse. Ottimo anche come vino da meditazione.<\/p>\r\n            <\/div>\r\n<\/div>[\/vc_column_inner][vc_column_inner width=&#8221;1\/3&#8243;]<div class=\"eltdf-image-with-text-holder   \">\r\n    <div class=\"eltdf-iwt-image\">\r\n                                    <img loading=\"lazy\" decoding=\"async\" width=\"1200\" height=\"1800\" src=\"https:\/\/www.montestigliano.com\/wp-content\/uploads\/2025\/02\/Montestigliano-Siena-Toscana-Vino-Bianco-Vermentino-Le-Manze-2024.jpg\" class=\"attachment-full size-full\" alt=\"Bottiglia di Vino Bianco Vermentino IGT Toscana &quot;Le Manze&quot; prodotto da Fattoria Montestigliano\" srcset=\"https:\/\/www.montestigliano.com\/wp-content\/uploads\/2025\/02\/Montestigliano-Siena-Toscana-Vino-Bianco-Vermentino-Le-Manze-2024.jpg 1200w, https:\/\/www.montestigliano.com\/wp-content\/uploads\/2025\/02\/Montestigliano-Siena-Toscana-Vino-Bianco-Vermentino-Le-Manze-2024-200x300.jpg 200w, https:\/\/www.montestigliano.com\/wp-content\/uploads\/2025\/02\/Montestigliano-Siena-Toscana-Vino-Bianco-Vermentino-Le-Manze-2024-683x1024.jpg 683w, https:\/\/www.montestigliano.com\/wp-content\/uploads\/2025\/02\/Montestigliano-Siena-Toscana-Vino-Bianco-Vermentino-Le-Manze-2024-768x1152.jpg 768w, https:\/\/www.montestigliano.com\/wp-content\/uploads\/2025\/02\/Montestigliano-Siena-Toscana-Vino-Bianco-Vermentino-Le-Manze-2024-1024x1536.jpg 1024w\" sizes=\"auto, (max-width: 1200px) 100vw, 1200px\" \/>                        <\/div>\r\n    <div class=\"eltdf-iwt-text-holder\">\r\n                    <h4 class=\"eltdf-iwt-title\" >Le Manze IGT Toscana Bianco 2024<\/h4>\r\n        \t\t            <p class=\"eltdf-iwt-text\" >Ottenuto da uve Vermentino e Trebbiano. Perfetto con antipasti di salumi e formaggi e superbo insieme a qualsiasi piatto di pesce.<\/p>\r\n            <\/div>\r\n<\/div>[\/vc_column_inner][\/vc_row_inner][vc_empty_space][vc_row_inner][vc_column_inner width=&#8221;1\/3&#8243;]<div class=\"eltdf-image-with-text-holder   \">\r\n    <div class=\"eltdf-iwt-image\">\r\n                                    <img loading=\"lazy\" decoding=\"async\" width=\"1200\" height=\"1800\" src=\"https:\/\/www.montestigliano.com\/wp-content\/uploads\/2025\/02\/Montestigliano-Siena-Toscana-Vino-Rosato-Primosalto-2024.jpg\" class=\"attachment-full size-full\" alt=\"Bottiglia di Vino Rosato IGT Toscana &quot;Primosalto&quot; prodotto da Fattoria Montestigliano\" srcset=\"https:\/\/www.montestigliano.com\/wp-content\/uploads\/2025\/02\/Montestigliano-Siena-Toscana-Vino-Rosato-Primosalto-2024.jpg 1200w, https:\/\/www.montestigliano.com\/wp-content\/uploads\/2025\/02\/Montestigliano-Siena-Toscana-Vino-Rosato-Primosalto-2024-200x300.jpg 200w, https:\/\/www.montestigliano.com\/wp-content\/uploads\/2025\/02\/Montestigliano-Siena-Toscana-Vino-Rosato-Primosalto-2024-683x1024.jpg 683w, https:\/\/www.montestigliano.com\/wp-content\/uploads\/2025\/02\/Montestigliano-Siena-Toscana-Vino-Rosato-Primosalto-2024-768x1152.jpg 768w, https:\/\/www.montestigliano.com\/wp-content\/uploads\/2025\/02\/Montestigliano-Siena-Toscana-Vino-Rosato-Primosalto-2024-1024x1536.jpg 1024w\" sizes=\"auto, (max-width: 1200px) 100vw, 1200px\" \/>                        <\/div>\r\n    <div class=\"eltdf-iwt-text-holder\">\r\n                    <h4 class=\"eltdf-iwt-title\" >Primosalto IGT Toscana Rosato 2024<\/h4>\r\n        \t\t            <p class=\"eltdf-iwt-text\" >Un ros\u00e9 rinfrescante il cui gusto \u00e8 esaltato dalla raccolta anticipata delle uve Sangiovese. Perfetto per l&#039;aperitivo o in abbinamento a ogni tipo di antipasto.<\/p>\r\n            <\/div>\r\n<\/div>[\/vc_column_inner][vc_column_inner width=&#8221;1\/3&#8243;]<div class=\"eltdf-image-with-text-holder   \">\r\n    <div class=\"eltdf-iwt-image\">\r\n                                    <img loading=\"lazy\" decoding=\"async\" width=\"1200\" height=\"1800\" src=\"https:\/\/www.montestigliano.com\/wp-content\/uploads\/2025\/02\/MONTESTIGLIANO-SIENA_VINO-SPUMANTE-ROSATO.jpg\" class=\"attachment-full size-full\" alt=\"\" srcset=\"https:\/\/www.montestigliano.com\/wp-content\/uploads\/2025\/02\/MONTESTIGLIANO-SIENA_VINO-SPUMANTE-ROSATO.jpg 1200w, https:\/\/www.montestigliano.com\/wp-content\/uploads\/2025\/02\/MONTESTIGLIANO-SIENA_VINO-SPUMANTE-ROSATO-200x300.jpg 200w, https:\/\/www.montestigliano.com\/wp-content\/uploads\/2025\/02\/MONTESTIGLIANO-SIENA_VINO-SPUMANTE-ROSATO-683x1024.jpg 683w, https:\/\/www.montestigliano.com\/wp-content\/uploads\/2025\/02\/MONTESTIGLIANO-SIENA_VINO-SPUMANTE-ROSATO-768x1152.jpg 768w, https:\/\/www.montestigliano.com\/wp-content\/uploads\/2025\/02\/MONTESTIGLIANO-SIENA_VINO-SPUMANTE-ROSATO-1024x1536.jpg 1024w\" sizes=\"auto, (max-width: 1200px) 100vw, 1200px\" \/>                        <\/div>\r\n    <div class=\"eltdf-iwt-text-holder\">\r\n                    <h4 class=\"eltdf-iwt-title\" >Spumante Brut Rosato 2022<\/h4>\r\n        \t\t            <p class=\"eltdf-iwt-text\" >Il nostro Spumante Brut Rosato ottenuto da uve Sangiovese e Ciliegiolo. Ideale per l&#039;aperitivo o in abbinamento a ogni tipo di antipasto.<\/p>\r\n            <\/div>\r\n<\/div>[\/vc_column_inner][vc_column_inner width=&#8221;1\/3&#8243;]<div class=\"eltdf-image-with-text-holder   \">\r\n    <div class=\"eltdf-iwt-image\">\r\n                                    <img loading=\"lazy\" decoding=\"async\" width=\"1200\" height=\"1800\" src=\"https:\/\/www.montestigliano.com\/wp-content\/uploads\/2025\/02\/Montestigliano-Siena-Toscana-Olio-Extravergine-di-oliva-2024-m-1.jpg\" class=\"attachment-full size-full\" alt=\"Bottiglia di Olio Extravergine di Oliva prodotto da Fattoria Montestigliano\" srcset=\"https:\/\/www.montestigliano.com\/wp-content\/uploads\/2025\/02\/Montestigliano-Siena-Toscana-Olio-Extravergine-di-oliva-2024-m-1.jpg 1200w, https:\/\/www.montestigliano.com\/wp-content\/uploads\/2025\/02\/Montestigliano-Siena-Toscana-Olio-Extravergine-di-oliva-2024-m-1-200x300.jpg 200w, https:\/\/www.montestigliano.com\/wp-content\/uploads\/2025\/02\/Montestigliano-Siena-Toscana-Olio-Extravergine-di-oliva-2024-m-1-683x1024.jpg 683w, https:\/\/www.montestigliano.com\/wp-content\/uploads\/2025\/02\/Montestigliano-Siena-Toscana-Olio-Extravergine-di-oliva-2024-m-1-768x1152.jpg 768w, https:\/\/www.montestigliano.com\/wp-content\/uploads\/2025\/02\/Montestigliano-Siena-Toscana-Olio-Extravergine-di-oliva-2024-m-1-1024x1536.jpg 1024w\" sizes=\"auto, (max-width: 1200px) 100vw, 1200px\" \/>                        <\/div>\r\n    <div class=\"eltdf-iwt-text-holder\">\r\n                    <h4 class=\"eltdf-iwt-title\" >Olio extravergine di oliva raccolto 2024 \/ 0.5 l<\/h4>\r\n        \t\t            <p class=\"eltdf-iwt-text\" >Montestigliano coltiva tre variet\u00e0 di oliva, ognuna di queste \u00e8 scelta per le sue specifiche qualit\u00e0. Peculiarit\u00e0 che vengono unite in un olio ricco, profumato e ben equilibrato.<\/p>\r\n            <\/div>\r\n<\/div>[\/vc_column_inner][\/vc_row_inner][vc_row_inner][vc_column_inner width=&#8221;1\/3&#8243;]<div class=\"eltdf-image-with-text-holder   \">\r\n    <div class=\"eltdf-iwt-image\">\r\n                                    <img loading=\"lazy\" decoding=\"async\" width=\"1200\" height=\"1800\" src=\"https:\/\/www.montestigliano.com\/wp-content\/uploads\/2025\/02\/Montestigliano-Siena-Toscana-Olio-Extravergine-di-oliva-2024-s.jpg\" class=\"attachment-full size-full\" alt=\"Bottiglia di Olio Extravergine di Oliva prodotto da Fattoria Montestigliano\" srcset=\"https:\/\/www.montestigliano.com\/wp-content\/uploads\/2025\/02\/Montestigliano-Siena-Toscana-Olio-Extravergine-di-oliva-2024-s.jpg 1200w, https:\/\/www.montestigliano.com\/wp-content\/uploads\/2025\/02\/Montestigliano-Siena-Toscana-Olio-Extravergine-di-oliva-2024-s-200x300.jpg 200w, https:\/\/www.montestigliano.com\/wp-content\/uploads\/2025\/02\/Montestigliano-Siena-Toscana-Olio-Extravergine-di-oliva-2024-s-683x1024.jpg 683w, https:\/\/www.montestigliano.com\/wp-content\/uploads\/2025\/02\/Montestigliano-Siena-Toscana-Olio-Extravergine-di-oliva-2024-s-768x1152.jpg 768w, https:\/\/www.montestigliano.com\/wp-content\/uploads\/2025\/02\/Montestigliano-Siena-Toscana-Olio-Extravergine-di-oliva-2024-s-1024x1536.jpg 1024w\" sizes=\"auto, (max-width: 1200px) 100vw, 1200px\" \/>                        <\/div>\r\n    <div class=\"eltdf-iwt-text-holder\">\r\n                    <h4 class=\"eltdf-iwt-title\" >Olio extravergine di oliva raccolto 2024 \/ 0.25 l<\/h4>\r\n        \t\t            <p class=\"eltdf-iwt-text\" >Montestigliano coltiva tre variet\u00e0 di oliva, ognuna di queste \u00e8 scelta per le sue specifiche qualit\u00e0. Peculiarit\u00e0 che vengono unite in un olio ricco, profumato e ben equilibrato.<\/p>\r\n            <\/div>\r\n<\/div>[\/vc_column_inner][vc_column_inner width=&#8221;1\/3&#8243;][\/vc_column_inner][vc_column_inner width=&#8221;1\/3&#8243;][\/vc_column_inner][\/vc_row_inner][vc_empty_space height=&#8221;48px&#8221;][vc_column_text]I nostri prodotti toscani non sono disponibili in negozio.<\/p>\n<p>Se vuoi <em><strong>ricevere il tuo olio o il tuo vino a casa<\/strong><\/em>, puoi semplicemente scriverci!<br \/>\nContattati per informazioni o per ordinare.<br \/>\n\ud83d\udce9[\/vc_column_text][vc_empty_space]<a itemprop=\"url\" href=\"mailto:info@montestigliano.it\" target=\"_blank\" style=\"color: #ffffff;background-color: #7e9b2b;border-color: #ffffff\" class=\"eltdf-btn eltdf-btn-medium eltdf-btn-solid eltdf-btn-custom-hover-bg eltdf-btn-custom-border-hover eltdf-btn-custom-hover-color\" data-hover-color=\"#ffffff\" data-hover-bg-color=\"rgba(127,155,49,0.87)\" data-hover-border-color=\"#ffffff\" >\r\n    <span class=\"eltdf-btn-text\">Send us an email<\/span>\r\n    <\/a>[vc_empty_space height=&#8221;48px&#8221;][vc_column_text]<\/p>\n<h1>Porta il sapore di Montestigliano nella tua cucina<\/h1>\n<p>[\/vc_column_text][vc_column_text]<strong>Condividi con noi<\/strong> i tuoi abbinamenti preferiti: \u00e8 sempre bello avere notizie dai nostri amici in giro il mondo!<\/p>\n<p>Puoi <span style=\"font-weight: 400;\"><strong>scriverci un&#8217;email<\/strong> a <span style=\"color: #7e9b2b;\"><a style=\"color: #7e9b2b;\" href=\"mailto:info@montestigliano.it\" target=\"_blank\" rel=\"noopener noreferrer\">info@montestigliano.it<\/a><\/span><br \/>\n<\/span>o <strong>scriverci<\/strong> su <span style=\"color: #7e9b2b;\"><a style=\"color: #7e9b2b;\" href=\"https:\/\/www.facebook.com\/montestigliano\" target=\"_blank\" rel=\"noopener noreferrer\">Facebook<\/a><\/span> o <span style=\"color: #7e9b2b;\"><a style=\"color: #7e9b2b;\" href=\"https:\/\/www.instagram.com\/montestigliano\/\" target=\"_blank\" rel=\"noopener noreferrer\">Instagram<\/a><\/span>.<\/p>\n<p>Speriamo di sentirti presto!<\/p>\n<p>&nbsp;<\/p>\n<p style=\"text-align: center;\"><strong><i>La Toscana \u00e8 paesaggio magico dove tutto \u00e8 gentile intorno, tutto \u00e8 antico e nuovo.<\/i><\/strong><\/p>\n<p style=\"text-align: center;\"><span style=\"font-weight: 400;\">&#8211; Curzio Malaparte<\/span><\/p>\n<p>[\/vc_column_text][vc_empty_space][\/vc_column][\/vc_row][vc_row][vc_column][vc_masonry_media_grid grid_id=&#8221;vc_gid:1739292964698-09eab6a6-cc7c-5&#8243; include=&#8221;6982,7792,7790&#8243;][\/vc_column][\/vc_row]<\/p>\n","protected":false},"excerpt":{"rendered":"<p>[vc_row][vc_column][vc_column_text] Il sapore di Montestigliano [\/vc_column_text][vc_empty_space][vc_column_text]Per generazioni, Montestigliano \u00e8 stato un luogo di incontro, tradizioni, e di condivisione della gioia per il buon cibo e vino. I nostri uliveti e le nostre vigne sono parte di questa eredit\u00e0. Cresciamo entrambe le colture [&hellip;]<\/p>\n","protected":false},"author":101,"featured_media":7788,"comment_status":"closed","ping_status":"closed","sticky":false,"template":"","format":"standard","meta":{"footnotes":""},"categories":[73],"tags":[],"class_list":["post-7712","post","type-post","status-publish","format-standard","has-post-thumbnail","hentry","category-esperienze-di-gusto"],"yoast_head":"<!-- This site is optimized with the Yoast SEO plugin v24.3 - https:\/\/yoast.com\/wordpress\/plugins\/seo\/ -->\n<title>I nostri prodotti - Montestigliano<\/title>\n<meta name=\"description\" content=\"Nella nostra azienda agricola a conduzione familiare \u2013 nel cuore della Toscana \u2013 produciamo olio extra vergine di oliva e vino in piccoli lotti, secondo metodi tradizionali e rispettando i criteri di un&#039;agricoltura sostenibile. Contattaci per portare a casa un assaggio di Montestigliano.\" \/>\n<meta name=\"robots\" content=\"index, follow, max-snippet:-1, max-image-preview:large, max-video-preview:-1\" \/>\n<link rel=\"canonical\" href=\"https:\/\/www.montestigliano.com\/it\/shop\/\" \/>\n<meta property=\"og:locale\" content=\"it_IT\" \/>\n<meta property=\"og:type\" content=\"article\" \/>\n<meta property=\"og:title\" content=\"I nostri prodotti - Montestigliano\" \/>\n<meta property=\"og:description\" content=\"Nella nostra azienda agricola a conduzione familiare \u2013 nel cuore della Toscana \u2013 produciamo olio extra vergine di oliva e vino in piccoli lotti, secondo metodi tradizionali e rispettando i criteri di un&#039;agricoltura sostenibile. Contattaci per portare a casa un assaggio di Montestigliano.\" \/>\n<meta property=\"og:url\" content=\"https:\/\/www.montestigliano.com\/it\/shop\/\" \/>\n<meta property=\"og:site_name\" content=\"Montestigliano\" \/>\n<meta property=\"article:published_time\" content=\"2025-02-11T18:48:02+00:00\" \/>\n<meta property=\"article:modified_time\" content=\"2025-02-11T19:04:56+00:00\" \/>\n<meta property=\"og:image\" content=\"https:\/\/www.montestigliano.com\/wp-content\/uploads\/2025\/02\/Montestigliano-tuscan-hmalet-with-olive-groves.jpg\" \/>\n<meta name=\"author\" content=\"Luisa\" \/>\n<meta name=\"twitter:card\" content=\"summary_large_image\" \/>\n<meta name=\"twitter:label1\" content=\"Written by\" \/>\n\t<meta name=\"twitter:data1\" content=\"Luisa\" \/>\n\t<meta name=\"twitter:label2\" content=\"Est. reading time\" \/>\n\t<meta name=\"twitter:data2\" content=\"2 minuti\" \/>\n<script type=\"application\/ld+json\" class=\"yoast-schema-graph\">{\"@context\":\"https:\/\/schema.org\",\"@graph\":[{\"@type\":\"WebPage\",\"@id\":\"https:\/\/www.montestigliano.com\/it\/shop\/\",\"url\":\"https:\/\/www.montestigliano.com\/it\/shop\/\",\"name\":\"I nostri prodotti - Montestigliano\",\"isPartOf\":{\"@id\":\"https:\/\/www.montestigliano.com\/it\/#website\"},\"primaryImageOfPage\":{\"@id\":\"https:\/\/www.montestigliano.com\/it\/shop\/#primaryimage\"},\"image\":{\"@id\":\"https:\/\/www.montestigliano.com\/it\/shop\/#primaryimage\"},\"thumbnailUrl\":\"https:\/\/www.montestigliano.com\/wp-content\/uploads\/2025\/02\/Montestigliano-tuscan-hmalet-with-olive-groves.jpg\",\"datePublished\":\"2025-02-11T18:48:02+00:00\",\"dateModified\":\"2025-02-11T19:04:56+00:00\",\"author\":{\"@id\":\"https:\/\/www.montestigliano.com\/it\/#\/schema\/person\/eaa770109bb3bb18afb65222d41817c2\"},\"description\":\"Nella nostra azienda agricola a conduzione familiare \u2013 nel cuore della Toscana \u2013 produciamo olio extra vergine di oliva e vino in piccoli lotti, secondo metodi tradizionali e rispettando i criteri di un'agricoltura sostenibile. Contattaci per portare a casa un assaggio di Montestigliano.\",\"breadcrumb\":{\"@id\":\"https:\/\/www.montestigliano.com\/it\/shop\/#breadcrumb\"},\"inLanguage\":\"it-IT\",\"potentialAction\":[{\"@type\":\"ReadAction\",\"target\":[\"https:\/\/www.montestigliano.com\/it\/shop\/\"]}]},{\"@type\":\"ImageObject\",\"inLanguage\":\"it-IT\",\"@id\":\"https:\/\/www.montestigliano.com\/it\/shop\/#primaryimage\",\"url\":\"https:\/\/www.montestigliano.com\/wp-content\/uploads\/2025\/02\/Montestigliano-tuscan-hmalet-with-olive-groves.jpg\",\"contentUrl\":\"https:\/\/www.montestigliano.com\/wp-content\/uploads\/2025\/02\/Montestigliano-tuscan-hmalet-with-olive-groves.jpg\",\"width\":1024,\"height\":683,\"caption\":\"The hill of Montestigliano in Tuscany with thousands of olive trees\"},{\"@type\":\"BreadcrumbList\",\"@id\":\"https:\/\/www.montestigliano.com\/it\/shop\/#breadcrumb\",\"itemListElement\":[{\"@type\":\"ListItem\",\"position\":1,\"name\":\"Home\",\"item\":\"https:\/\/www.montestigliano.com\/it\/\"},{\"@type\":\"ListItem\",\"position\":2,\"name\":\"I nostri prodotti\"}]},{\"@type\":\"WebSite\",\"@id\":\"https:\/\/www.montestigliano.com\/it\/#website\",\"url\":\"https:\/\/www.montestigliano.com\/it\/\",\"name\":\"Montestigliano\",\"description\":\"\",\"potentialAction\":[{\"@type\":\"SearchAction\",\"target\":{\"@type\":\"EntryPoint\",\"urlTemplate\":\"https:\/\/www.montestigliano.com\/it\/?s={search_term_string}\"},\"query-input\":{\"@type\":\"PropertyValueSpecification\",\"valueRequired\":true,\"valueName\":\"search_term_string\"}}],\"inLanguage\":\"it-IT\"},{\"@type\":\"Person\",\"@id\":\"https:\/\/www.montestigliano.com\/it\/#\/schema\/person\/eaa770109bb3bb18afb65222d41817c2\",\"name\":\"Luisa\",\"image\":{\"@type\":\"ImageObject\",\"inLanguage\":\"it-IT\",\"@id\":\"https:\/\/www.montestigliano.com\/it\/#\/schema\/person\/image\/\",\"url\":\"https:\/\/secure.gravatar.com\/avatar\/0cd4a38093ddc908f6dada73b42c60df?s=96&d=mm&r=g\",\"contentUrl\":\"https:\/\/secure.gravatar.com\/avatar\/0cd4a38093ddc908f6dada73b42c60df?s=96&d=mm&r=g\",\"caption\":\"Luisa\"},\"url\":\"https:\/\/www.montestigliano.com\/it\/author\/luisa\/\"}]}<\/script>\n<!-- \/ Yoast SEO plugin. -->","yoast_head_json":{"title":"I nostri prodotti - Montestigliano","description":"Nella nostra azienda agricola a conduzione familiare \u2013 nel cuore della Toscana \u2013 produciamo olio extra vergine di oliva e vino in piccoli lotti, secondo metodi tradizionali e rispettando i criteri di un'agricoltura sostenibile. Contattaci per portare a casa un assaggio di Montestigliano.","robots":{"index":"index","follow":"follow","max-snippet":"max-snippet:-1","max-image-preview":"max-image-preview:large","max-video-preview":"max-video-preview:-1"},"canonical":"https:\/\/www.montestigliano.com\/it\/shop\/","og_locale":"it_IT","og_type":"article","og_title":"I nostri prodotti - Montestigliano","og_description":"Nella nostra azienda agricola a conduzione familiare \u2013 nel cuore della Toscana \u2013 produciamo olio extra vergine di oliva e vino in piccoli lotti, secondo metodi tradizionali e rispettando i criteri di un'agricoltura sostenibile. Contattaci per portare a casa un assaggio di Montestigliano.","og_url":"https:\/\/www.montestigliano.com\/it\/shop\/","og_site_name":"Montestigliano","article_published_time":"2025-02-11T18:48:02+00:00","article_modified_time":"2025-02-11T19:04:56+00:00","og_image":[{"url":"https:\/\/www.montestigliano.com\/wp-content\/uploads\/2025\/02\/Montestigliano-tuscan-hmalet-with-olive-groves.jpg","type":"","width":"","height":""}],"author":"Luisa","twitter_card":"summary_large_image","twitter_misc":{"Written by":"Luisa","Est. reading time":"2 minuti"},"schema":{"@context":"https:\/\/schema.org","@graph":[{"@type":"WebPage","@id":"https:\/\/www.montestigliano.com\/it\/shop\/","url":"https:\/\/www.montestigliano.com\/it\/shop\/","name":"I nostri prodotti - Montestigliano","isPartOf":{"@id":"https:\/\/www.montestigliano.com\/it\/#website"},"primaryImageOfPage":{"@id":"https:\/\/www.montestigliano.com\/it\/shop\/#primaryimage"},"image":{"@id":"https:\/\/www.montestigliano.com\/it\/shop\/#primaryimage"},"thumbnailUrl":"https:\/\/www.montestigliano.com\/wp-content\/uploads\/2025\/02\/Montestigliano-tuscan-hmalet-with-olive-groves.jpg","datePublished":"2025-02-11T18:48:02+00:00","dateModified":"2025-02-11T19:04:56+00:00","author":{"@id":"https:\/\/www.montestigliano.com\/it\/#\/schema\/person\/eaa770109bb3bb18afb65222d41817c2"},"description":"Nella nostra azienda agricola a conduzione familiare \u2013 nel cuore della Toscana \u2013 produciamo olio extra vergine di oliva e vino in piccoli lotti, secondo metodi tradizionali e rispettando i criteri di un'agricoltura sostenibile. Contattaci per portare a casa un assaggio di Montestigliano.","breadcrumb":{"@id":"https:\/\/www.montestigliano.com\/it\/shop\/#breadcrumb"},"inLanguage":"it-IT","potentialAction":[{"@type":"ReadAction","target":["https:\/\/www.montestigliano.com\/it\/shop\/"]}]},{"@type":"ImageObject","inLanguage":"it-IT","@id":"https:\/\/www.montestigliano.com\/it\/shop\/#primaryimage","url":"https:\/\/www.montestigliano.com\/wp-content\/uploads\/2025\/02\/Montestigliano-tuscan-hmalet-with-olive-groves.jpg","contentUrl":"https:\/\/www.montestigliano.com\/wp-content\/uploads\/2025\/02\/Montestigliano-tuscan-hmalet-with-olive-groves.jpg","width":1024,"height":683,"caption":"The hill of Montestigliano in Tuscany with thousands of olive trees"},{"@type":"BreadcrumbList","@id":"https:\/\/www.montestigliano.com\/it\/shop\/#breadcrumb","itemListElement":[{"@type":"ListItem","position":1,"name":"Home","item":"https:\/\/www.montestigliano.com\/it\/"},{"@type":"ListItem","position":2,"name":"I nostri prodotti"}]},{"@type":"WebSite","@id":"https:\/\/www.montestigliano.com\/it\/#website","url":"https:\/\/www.montestigliano.com\/it\/","name":"Montestigliano","description":"","potentialAction":[{"@type":"SearchAction","target":{"@type":"EntryPoint","urlTemplate":"https:\/\/www.montestigliano.com\/it\/?s={search_term_string}"},"query-input":{"@type":"PropertyValueSpecification","valueRequired":true,"valueName":"search_term_string"}}],"inLanguage":"it-IT"},{"@type":"Person","@id":"https:\/\/www.montestigliano.com\/it\/#\/schema\/person\/eaa770109bb3bb18afb65222d41817c2","name":"Luisa","image":{"@type":"ImageObject","inLanguage":"it-IT","@id":"https:\/\/www.montestigliano.com\/it\/#\/schema\/person\/image\/","url":"https:\/\/secure.gravatar.com\/avatar\/0cd4a38093ddc908f6dada73b42c60df?s=96&d=mm&r=g","contentUrl":"https:\/\/secure.gravatar.com\/avatar\/0cd4a38093ddc908f6dada73b42c60df?s=96&d=mm&r=g","caption":"Luisa"},"url":"https:\/\/www.montestigliano.com\/it\/author\/luisa\/"}]}},"_links":{"self":[{"href":"https:\/\/www.montestigliano.com\/it\/wp-json\/wp\/v2\/posts\/7712","targetHints":{"allow":["GET"]}}],"collection":[{"href":"https:\/\/www.montestigliano.com\/it\/wp-json\/wp\/v2\/posts"}],"about":[{"href":"https:\/\/www.montestigliano.com\/it\/wp-json\/wp\/v2\/types\/post"}],"author":[{"embeddable":true,"href":"https:\/\/www.montestigliano.com\/it\/wp-json\/wp\/v2\/users\/101"}],"replies":[{"embeddable":true,"href":"https:\/\/www.montestigliano.com\/it\/wp-json\/wp\/v2\/comments?post=7712"}],"version-history":[{"count":34,"href":"https:\/\/www.montestigliano.com\/it\/wp-json\/wp\/v2\/posts\/7712\/revisions"}],"predecessor-version":[{"id":7831,"href":"https:\/\/www.montestigliano.com\/it\/wp-json\/wp\/v2\/posts\/7712\/revisions\/7831"}],"wp:featuredmedia":[{"embeddable":true,"href":"https:\/\/www.montestigliano.com\/it\/wp-json\/wp\/v2\/media\/7788"}],"wp:attachment":[{"href":"https:\/\/www.montestigliano.com\/it\/wp-json\/wp\/v2\/media?parent=7712"}],"wp:term":[{"taxonomy":"category","embeddable":true,"href":"https:\/\/www.montestigliano.com\/it\/wp-json\/wp\/v2\/categories?post=7712"},{"taxonomy":"post_tag","embeddable":true,"href":"https:\/\/www.montestigliano.com\/it\/wp-json\/wp\/v2\/tags?post=7712"}],"curies":[{"name":"wp","href":"https:\/\/api.w.org\/{rel}","templated":true}]}}